{"id":8808,"date":"2026-03-13T11:53:32","date_gmt":"2026-03-13T10:53:32","guid":{"rendered":"https:\/\/www.solar-depot.lu\/actualites\/solar-depot-wird-offizieller-sigenergy-haendler-in-luxemburg\/"},"modified":"2026-03-13T12:38:31","modified_gmt":"2026-03-13T11:38:31","slug":"solar-depot-wird-offizieller-sigenergy-haendler-in-luxemburg","status":"publish","type":"actualites","link":"https:\/\/www.solar-depot.lu\/de\/actualites\/solar-depot-wird-offizieller-sigenergy-haendler-in-luxemburg\/","title":{"rendered":"Solar Depot wird offizieller Sigenergy-H\u00e4ndler in Luxemburg"},"content":{"rendered":"\n<div class=\" wp-block-media-text is-stacked-on-mobile eplus-wrapper\" style=\"grid-template-columns:26% auto\"><figure class=\"wp-block-media-text__media\"><img loading=\"lazy\" decoding=\"async\" width=\"1024\" height=\"968\" src=\"https:\/\/www.solar-depot.lu\/wp-content\/uploads\/2026\/03\/Sigenergy-accord-distribution-1024x968.jpg\" alt=\"\" class=\"wp-image-8766 size-full\" srcset=\"https:\/\/www.solar-depot.lu\/wp-content\/uploads\/2026\/03\/Sigenergy-accord-distribution-1024x968.jpg 1024w, https:\/\/www.solar-depot.lu\/wp-content\/uploads\/2026\/03\/Sigenergy-accord-distribution-300x284.jpg 300w, https:\/\/www.solar-depot.lu\/wp-content\/uploads\/2026\/03\/Sigenergy-accord-distribution-768x726.jpg 768w, https:\/\/www.solar-depot.lu\/wp-content\/uploads\/2026\/03\/Sigenergy-accord-distribution-952x900.jpg 952w, https:\/\/www.solar-depot.lu\/wp-content\/uploads\/2026\/03\/Sigenergy-accord-distribution-317x300.jpg 317w, https:\/\/www.solar-depot.lu\/wp-content\/uploads\/2026\/03\/Sigenergy-accord-distribution-600x567.jpg 600w, https:\/\/www.solar-depot.lu\/wp-content\/uploads\/2026\/03\/Sigenergy-accord-distribution.jpg 1508w\" sizes=\"auto, (max-width: 1024px) 100vw, 1024px\" \/><\/figure><div class=\"wp-block-media-text__content\">\n<p class=\" eplus-wrapper\">Gute Nachrichten f\u00fcr die Profis der Solarindustrie! Solar D\u00e9p\u00f4t, Ihr <strong>Gro\u00dfh\u00e4ndler f\u00fcr Photovoltaikanlagen in Luxemburg<\/strong>, hat seinen Katalog erweitert. Wir sind stolz darauf, unsere offizielle Partnerschaft mit Sigenergy bekannt zu geben. <strong><a href=\"https:\/\/www.sigenergy.com\">Sigenergy<\/a><\/strong>, dem Innovationsf\u00fchrer in den Bereichen Leistungselektronik und k\u00fcnstliche Intelligenz, zu verk\u00fcnden. Diese Zusammenarbeit erm\u00f6glicht Solarinstallateuren im Gro\u00dfherzogtum und in den Grenzregionen den Zugang zu fortschrittlichen Energiel\u00f6sungen. <br\/>Nach langj\u00e4hrigen Kontakten mit dem Unternehmen wurde die Vereinbarung auf der Messe <a href=\"https:\/\/en.solarsolutions.nl\/\">Solar Solutions<\/a> in Amsterdam im M\u00e4rz 2026 konkretisiert.     <\/p>\n<\/div><\/div>\n\n<div style=\"height:20px\" aria-hidden=\"true\" class=\" wp-block-spacer eplus-wrapper\"><\/div>\n\n<h2 class=\" wp-block-heading eplus-wrapper\" id=\"h-pourquoi-choisir-sigenergy-pour-vos-projets-photovoltaiques\">Warum sollten Sie Sigenergy f\u00fcr Ihre Photovoltaikprojekte w\u00e4hlen?<\/h2>\n\n<p class=\" eplus-wrapper\">Sigenergy zeichnet sich durch einen avantgardistischen Ansatz aus, der Digitalisierung und saubere Energie miteinander verbindet. Als f\u00fchrender H\u00e4ndler von Photovoltaikanlagen hat Solar Depot diese Marke aufgrund ihrer Zuverl\u00e4ssigkeit und bahnbrechenden Innovationen ausgew\u00e4hlt. <br\/><\/p>\n\n<div style=\"height:18px\" aria-hidden=\"true\" class=\" wp-block-spacer eplus-wrapper\"><\/div>\n\n<h3 class=\" wp-block-heading eplus-wrapper\" id=\"h-des-onduleurs-hybrides-haute-performance\">Hochleistungs-Hybrid-Wechselrichter<\/h3>\n\n<p class=\" eplus-wrapper\">Die Hybrid-Wechselrichter von Sigenergy setzen neue Ma\u00dfst\u00e4be auf dem Markt:<\/p>\n<ul class=\" wp-block-list eplus-wrapper eplus-styles-uid-54d77d\">\n<li class=\" eplus-wrapper\">Ultrakompaktes Design: Eine Dicke von weniger als 10 cm f\u00fcr eine diskrete Integration.<\/li>\n\n\n\n<li class=\" eplus-wrapper\">Akustischer Komfort: Betrieb ohne Ventilator (weniger als 25 dB), ideal f\u00fcr den Wohnbereich.<\/li>\n\n\n\n<li class=\" eplus-wrapper\">Extrem widerstandsf\u00e4hig: Garantierte Wirksamkeit von -30\u00b0C bis +60\u00b0C, geeignet f\u00fcr die rauesten Klimazonen.<\/li>\n<\/ul>\n<figure class=\" wp-block-image size-large eplus-wrapper\"><img loading=\"lazy\" decoding=\"async\" width=\"1024\" height=\"521\" src=\"https:\/\/www.solar-depot.lu\/wp-content\/uploads\/2026\/03\/onduleurs-1-1024x521.png\" alt=\"\" class=\"wp-image-8796\" srcset=\"https:\/\/www.solar-depot.lu\/wp-content\/uploads\/2026\/03\/onduleurs-1-1024x521.png 1024w, https:\/\/www.solar-depot.lu\/wp-content\/uploads\/2026\/03\/onduleurs-1-300x153.png 300w, https:\/\/www.solar-depot.lu\/wp-content\/uploads\/2026\/03\/onduleurs-1-768x391.png 768w, https:\/\/www.solar-depot.lu\/wp-content\/uploads\/2026\/03\/onduleurs-1-590x300.png 590w, https:\/\/www.solar-depot.lu\/wp-content\/uploads\/2026\/03\/onduleurs-1-600x305.png 600w, https:\/\/www.solar-depot.lu\/wp-content\/uploads\/2026\/03\/onduleurs-1.png 1404w\" sizes=\"auto, (max-width: 1024px) 100vw, 1024px\" \/><\/figure>\n\n<h3 class=\" wp-block-heading eplus-wrapper\" id=\"h-sigenstor-le-systeme-de-stockage-5-en-1-revolutionnaire\">SigenStor: Das revolution\u00e4re &#8220;5-in-1&#8221;-Speichersystem<\/h3>\n\n<p class=\" eplus-wrapper\">Der SigenStor ist die ultimative L\u00f6sung f\u00fcr die Energiespeicherung. Dieses einzigartige System vereint in einer einzigen Einheit : <\/p>\n<ul class=\" wp-block-list eplus-wrapper eplus-styles-uid-259455\">\n<li class=\" eplus-wrapper\">Der Solar-Wechselrichter.<\/li>\n\n\n\n<li class=\" eplus-wrapper\">Das DC-Ladeger\u00e4t f\u00fcr Elektrofahrzeuge.<\/li>\n\n\n\n<li class=\" eplus-wrapper\">Die PCS-Batterie.<\/li>\n\n\n\n<li class=\" eplus-wrapper\">Das Batteriemodul.<\/li>\n\n\n\n<li class=\" eplus-wrapper\">Das EMS (Energy Management System)<\/li>\n<\/ul>\n<p class=\" eplus-wrapper\">Es ist die intelligente Br\u00fccke zwischen dem Wohnbereich und der Elektromobilit\u00e4t und erm\u00f6glicht insbesondere das bidirektionale EV-Laden (V2H\/V2G).<\/p>\n\n<details class=\"wp-block-details is-layout-flow wp-block-details-is-layout-flow\"><summary><\/summary><\/details>\n\n<h3 class=\" wp-block-heading eplus-wrapper\" id=\"h-sigenstor-evdc-une-station-de-charge-bi-directionelle-jusqu-a-25-kw\"><strong>SigenStor EVDC:<\/strong> eine bidirektionale Ladestation bis zu 25 kW<\/h3>\n\n<figure class=\" wp-block-image size-full eplus-wrapper\"><img loading=\"lazy\" decoding=\"async\" width=\"928\" height=\"728\" src=\"https:\/\/www.solar-depot.lu\/wp-content\/uploads\/2026\/03\/station-charge.png\" alt=\"\" class=\"wp-image-8786\" srcset=\"https:\/\/www.solar-depot.lu\/wp-content\/uploads\/2026\/03\/station-charge.png 928w, https:\/\/www.solar-depot.lu\/wp-content\/uploads\/2026\/03\/station-charge-300x235.png 300w, https:\/\/www.solar-depot.lu\/wp-content\/uploads\/2026\/03\/station-charge-768x602.png 768w, https:\/\/www.solar-depot.lu\/wp-content\/uploads\/2026\/03\/station-charge-382x300.png 382w, https:\/\/www.solar-depot.lu\/wp-content\/uploads\/2026\/03\/station-charge-600x471.png 600w\" sizes=\"auto, (max-width: 928px) 100vw, 928px\" \/><\/figure>\n\n<h3 class=\" wp-block-heading eplus-wrapper\" id=\"h-sigenmicro-une-gamme-de-micro-onduleurs-fiables-et-flexibles\"><strong>SigenMicro:<\/strong> Eine Reihe von zuverl\u00e4ssigen und flexiblen Mikro-Wechselrichtern.  <\/h3>\n\n<p class=\" eplus-wrapper\">SigenMicro Mikro-Wechselrichter k\u00f6nnen in SigenStor-Systeme integriert werden und sind auch besonders f\u00fcr kleine Anlagen bis 2 kW geeignet. Unser Angebot <a href=\"https:\/\/www.solar-depot.lu\/de\/wechselrichter\/\">an Wechselrichtern<\/a> und Hardware wird durch die Aufnahme dieses Partners erheblich erweitert.   <\/p>\n\n<figure class=\" wp-block-image size-full eplus-wrapper\"><img loading=\"lazy\" decoding=\"async\" width=\"1018\" height=\"828\" src=\"https:\/\/www.solar-depot.lu\/wp-content\/uploads\/2026\/03\/micro-onduleurs.png\" alt=\"\" class=\"wp-image-8791\" srcset=\"https:\/\/www.solar-depot.lu\/wp-content\/uploads\/2026\/03\/micro-onduleurs.png 1018w, https:\/\/www.solar-depot.lu\/wp-content\/uploads\/2026\/03\/micro-onduleurs-300x244.png 300w, https:\/\/www.solar-depot.lu\/wp-content\/uploads\/2026\/03\/micro-onduleurs-768x625.png 768w, https:\/\/www.solar-depot.lu\/wp-content\/uploads\/2026\/03\/micro-onduleurs-369x300.png 369w, https:\/\/www.solar-depot.lu\/wp-content\/uploads\/2026\/03\/micro-onduleurs-600x488.png 600w\" sizes=\"auto, (max-width: 1018px) 100vw, 1018px\" \/><\/figure>\n\n<p class=\" eplus-wrapper\"><\/p>\n\n<p class=\" eplus-wrapper\">Wir bei Solar D\u00e9p\u00f4t als Photovoltaikh\u00e4ndler freuen uns \u00fcber diese neue Partnerschaft und die M\u00f6glichkeiten, die sie unseren Kunden, den Solarinstallateuren in Luxemburg, bieten wird.  <\/p>\n","protected":false},"featured_media":0,"template":"","meta":{"editor_plus_copied_stylings":"{}"},"categorie_actualites":[],"class_list":["post-8808","actualites","type-actualites","status-publish","hentry"],"acf":[],"yoast_head":"<!-- This site is optimized with the Yoast SEO Premium plugin v22.0 (Yoast SEO v27.5) - https:\/\/yoast.com\/product\/yoast-seo-premium-wordpress\/ -->\n<title>Solar Depot wird offizieller Sigenergy-H\u00e4ndler in Luxemburg - SOLAR DEPOT<\/title>\n<meta name=\"description\" content=\"Solar D\u00e9p\u00f4t, Ihr Photovoltaik-Gro\u00dfh\u00e4ndler in Luxemburg, wird offizieller Sigenergy-H\u00e4ndler. Entdecken Sie die Hybrid-Wechselrichter und den SigenStor-Speicher.\" \/>\n<meta name=\"robots\" content=\"index, follow, max-snippet:-1, max-image-preview:large, max-video-preview:-1\" \/>\n<link rel=\"canonical\" href=\"https:\/\/www.solar-depot.lu\/de\/actualites\/solar-depot-wird-offizieller-sigenergy-haendler-in-luxemburg\/\" \/>\n<meta property=\"og:locale\" content=\"de_DE\" \/>\n<meta property=\"og:type\" content=\"article\" \/>\n<meta property=\"og:title\" content=\"Solar Depot wird offizieller Sigenergy-H\u00e4ndler in Luxemburg\" \/>\n<meta property=\"og:description\" content=\"Solar D\u00e9p\u00f4t, Ihr Photovoltaik-Gro\u00dfh\u00e4ndler in Luxemburg, wird offizieller Sigenergy-H\u00e4ndler. Entdecken Sie die Hybrid-Wechselrichter und den SigenStor-Speicher.\" \/>\n<meta property=\"og:url\" content=\"https:\/\/www.solar-depot.lu\/de\/actualites\/solar-depot-wird-offizieller-sigenergy-haendler-in-luxemburg\/\" \/>\n<meta property=\"og:site_name\" content=\"SOLAR DEPOT\" \/>\n<meta property=\"article:modified_time\" content=\"2026-03-13T11:38:31+00:00\" \/>\n<meta property=\"og:image\" content=\"https:\/\/www.solar-depot.lu\/wp-content\/uploads\/2026\/03\/Sigenergy-accord-distribution.jpg\" \/>\n\t<meta property=\"og:image:width\" content=\"1508\" \/>\n\t<meta property=\"og:image:height\" content=\"1426\" \/>\n\t<meta property=\"og:image:type\" content=\"image\/jpeg\" \/>\n<meta name=\"twitter:card\" content=\"summary_large_image\" \/>\n<meta name=\"twitter:label1\" content=\"Gesch\u00e4tzte Lesezeit\" \/>\n\t<meta name=\"twitter:data1\" content=\"2\u00a0Minuten\" \/>\n<script type=\"application\/ld+json\" class=\"yoast-schema-graph\">{\"@context\":\"https:\\\/\\\/schema.org\",\"@graph\":[{\"@type\":\"WebPage\",\"@id\":\"https:\\\/\\\/www.solar-depot.lu\\\/de\\\/actualites\\\/solar-depot-wird-offizieller-sigenergy-haendler-in-luxemburg\\\/\",\"url\":\"https:\\\/\\\/www.solar-depot.lu\\\/de\\\/actualites\\\/solar-depot-wird-offizieller-sigenergy-haendler-in-luxemburg\\\/\",\"name\":\"Solar Depot wird offizieller Sigenergy-H\u00e4ndler in Luxemburg - SOLAR DEPOT\",\"isPartOf\":{\"@id\":\"https:\\\/\\\/www.solar-depot.lu\\\/de\\\/#website\"},\"primaryImageOfPage\":{\"@id\":\"https:\\\/\\\/www.solar-depot.lu\\\/de\\\/actualites\\\/solar-depot-wird-offizieller-sigenergy-haendler-in-luxemburg\\\/#primaryimage\"},\"image\":{\"@id\":\"https:\\\/\\\/www.solar-depot.lu\\\/de\\\/actualites\\\/solar-depot-wird-offizieller-sigenergy-haendler-in-luxemburg\\\/#primaryimage\"},\"thumbnailUrl\":\"https:\\\/\\\/www.solar-depot.lu\\\/wp-content\\\/uploads\\\/2026\\\/03\\\/Sigenergy-accord-distribution-1024x968.jpg\",\"datePublished\":\"2026-03-13T10:53:32+00:00\",\"dateModified\":\"2026-03-13T11:38:31+00:00\",\"description\":\"Solar D\u00e9p\u00f4t, Ihr Photovoltaik-Gro\u00dfh\u00e4ndler in Luxemburg, wird offizieller Sigenergy-H\u00e4ndler. Entdecken Sie die Hybrid-Wechselrichter und den SigenStor-Speicher.\",\"breadcrumb\":{\"@id\":\"https:\\\/\\\/www.solar-depot.lu\\\/de\\\/actualites\\\/solar-depot-wird-offizieller-sigenergy-haendler-in-luxemburg\\\/#breadcrumb\"},\"inLanguage\":\"de\",\"potentialAction\":[{\"@type\":\"ReadAction\",\"target\":[\"https:\\\/\\\/www.solar-depot.lu\\\/de\\\/actualites\\\/solar-depot-wird-offizieller-sigenergy-haendler-in-luxemburg\\\/\"]}]},{\"@type\":\"ImageObject\",\"inLanguage\":\"de\",\"@id\":\"https:\\\/\\\/www.solar-depot.lu\\\/de\\\/actualites\\\/solar-depot-wird-offizieller-sigenergy-haendler-in-luxemburg\\\/#primaryimage\",\"url\":\"https:\\\/\\\/www.solar-depot.lu\\\/wp-content\\\/uploads\\\/2026\\\/03\\\/Sigenergy-accord-distribution-1024x968.jpg\",\"contentUrl\":\"https:\\\/\\\/www.solar-depot.lu\\\/wp-content\\\/uploads\\\/2026\\\/03\\\/Sigenergy-accord-distribution-1024x968.jpg\"},{\"@type\":\"BreadcrumbList\",\"@id\":\"https:\\\/\\\/www.solar-depot.lu\\\/de\\\/actualites\\\/solar-depot-wird-offizieller-sigenergy-haendler-in-luxemburg\\\/#breadcrumb\",\"itemListElement\":[{\"@type\":\"ListItem\",\"position\":1,\"name\":\"Startseite\",\"item\":\"https:\\\/\\\/www.solar-depot.lu\\\/de\\\/\"},{\"@type\":\"ListItem\",\"position\":2,\"name\":\"Solar Depot wird offizieller Sigenergy-H\u00e4ndler in Luxemburg\"}]},{\"@type\":\"WebSite\",\"@id\":\"https:\\\/\\\/www.solar-depot.lu\\\/de\\\/#website\",\"url\":\"https:\\\/\\\/www.solar-depot.lu\\\/de\\\/\",\"name\":\"SOLAR DEPOT\",\"description\":\"Solar Depot, l&#039;\u00e9nergie solaire \u00e0 emporter chez vous !\",\"publisher\":{\"@id\":\"https:\\\/\\\/www.solar-depot.lu\\\/de\\\/#organization\"},\"potentialAction\":[{\"@type\":\"SearchAction\",\"target\":{\"@type\":\"EntryPoint\",\"urlTemplate\":\"https:\\\/\\\/www.solar-depot.lu\\\/de\\\/?s={search_term_string}\"},\"query-input\":{\"@type\":\"PropertyValueSpecification\",\"valueRequired\":true,\"valueName\":\"search_term_string\"}}],\"inLanguage\":\"de\"},{\"@type\":\"Organization\",\"@id\":\"https:\\\/\\\/www.solar-depot.lu\\\/de\\\/#organization\",\"name\":\"SOLAR DEPOT\",\"url\":\"https:\\\/\\\/www.solar-depot.lu\\\/de\\\/\",\"logo\":{\"@type\":\"ImageObject\",\"inLanguage\":\"de\",\"@id\":\"https:\\\/\\\/www.solar-depot.lu\\\/de\\\/#\\\/schema\\\/logo\\\/image\\\/\",\"url\":\"https:\\\/\\\/www.solar-depot.lu\\\/wp-content\\\/uploads\\\/2023\\\/08\\\/ege-depot-sans-fond.png\",\"contentUrl\":\"https:\\\/\\\/www.solar-depot.lu\\\/wp-content\\\/uploads\\\/2023\\\/08\\\/ege-depot-sans-fond.png\",\"width\":1696,\"height\":536,\"caption\":\"SOLAR DEPOT\"},\"image\":{\"@id\":\"https:\\\/\\\/www.solar-depot.lu\\\/de\\\/#\\\/schema\\\/logo\\\/image\\\/\"}}]}<\/script>\n<!-- \/ Yoast SEO Premium plugin. -->","yoast_head_json":{"title":"Solar Depot wird offizieller Sigenergy-H\u00e4ndler in Luxemburg - SOLAR DEPOT","description":"Solar D\u00e9p\u00f4t, Ihr Photovoltaik-Gro\u00dfh\u00e4ndler in Luxemburg, wird offizieller Sigenergy-H\u00e4ndler. Entdecken Sie die Hybrid-Wechselrichter und den SigenStor-Speicher.","robots":{"index":"index","follow":"follow","max-snippet":"max-snippet:-1","max-image-preview":"max-image-preview:large","max-video-preview":"max-video-preview:-1"},"canonical":"https:\/\/www.solar-depot.lu\/de\/actualites\/solar-depot-wird-offizieller-sigenergy-haendler-in-luxemburg\/","og_locale":"de_DE","og_type":"article","og_title":"Solar Depot wird offizieller Sigenergy-H\u00e4ndler in Luxemburg","og_description":"Solar D\u00e9p\u00f4t, Ihr Photovoltaik-Gro\u00dfh\u00e4ndler in Luxemburg, wird offizieller Sigenergy-H\u00e4ndler. Entdecken Sie die Hybrid-Wechselrichter und den SigenStor-Speicher.","og_url":"https:\/\/www.solar-depot.lu\/de\/actualites\/solar-depot-wird-offizieller-sigenergy-haendler-in-luxemburg\/","og_site_name":"SOLAR DEPOT","article_modified_time":"2026-03-13T11:38:31+00:00","og_image":[{"width":1508,"height":1426,"url":"https:\/\/www.solar-depot.lu\/wp-content\/uploads\/2026\/03\/Sigenergy-accord-distribution.jpg","type":"image\/jpeg"}],"twitter_card":"summary_large_image","twitter_misc":{"Gesch\u00e4tzte Lesezeit":"2\u00a0Minuten"},"schema":{"@context":"https:\/\/schema.org","@graph":[{"@type":"WebPage","@id":"https:\/\/www.solar-depot.lu\/de\/actualites\/solar-depot-wird-offizieller-sigenergy-haendler-in-luxemburg\/","url":"https:\/\/www.solar-depot.lu\/de\/actualites\/solar-depot-wird-offizieller-sigenergy-haendler-in-luxemburg\/","name":"Solar Depot wird offizieller Sigenergy-H\u00e4ndler in Luxemburg - SOLAR DEPOT","isPartOf":{"@id":"https:\/\/www.solar-depot.lu\/de\/#website"},"primaryImageOfPage":{"@id":"https:\/\/www.solar-depot.lu\/de\/actualites\/solar-depot-wird-offizieller-sigenergy-haendler-in-luxemburg\/#primaryimage"},"image":{"@id":"https:\/\/www.solar-depot.lu\/de\/actualites\/solar-depot-wird-offizieller-sigenergy-haendler-in-luxemburg\/#primaryimage"},"thumbnailUrl":"https:\/\/www.solar-depot.lu\/wp-content\/uploads\/2026\/03\/Sigenergy-accord-distribution-1024x968.jpg","datePublished":"2026-03-13T10:53:32+00:00","dateModified":"2026-03-13T11:38:31+00:00","description":"Solar D\u00e9p\u00f4t, Ihr Photovoltaik-Gro\u00dfh\u00e4ndler in Luxemburg, wird offizieller Sigenergy-H\u00e4ndler. Entdecken Sie die Hybrid-Wechselrichter und den SigenStor-Speicher.","breadcrumb":{"@id":"https:\/\/www.solar-depot.lu\/de\/actualites\/solar-depot-wird-offizieller-sigenergy-haendler-in-luxemburg\/#breadcrumb"},"inLanguage":"de","potentialAction":[{"@type":"ReadAction","target":["https:\/\/www.solar-depot.lu\/de\/actualites\/solar-depot-wird-offizieller-sigenergy-haendler-in-luxemburg\/"]}]},{"@type":"ImageObject","inLanguage":"de","@id":"https:\/\/www.solar-depot.lu\/de\/actualites\/solar-depot-wird-offizieller-sigenergy-haendler-in-luxemburg\/#primaryimage","url":"https:\/\/www.solar-depot.lu\/wp-content\/uploads\/2026\/03\/Sigenergy-accord-distribution-1024x968.jpg","contentUrl":"https:\/\/www.solar-depot.lu\/wp-content\/uploads\/2026\/03\/Sigenergy-accord-distribution-1024x968.jpg"},{"@type":"BreadcrumbList","@id":"https:\/\/www.solar-depot.lu\/de\/actualites\/solar-depot-wird-offizieller-sigenergy-haendler-in-luxemburg\/#breadcrumb","itemListElement":[{"@type":"ListItem","position":1,"name":"Startseite","item":"https:\/\/www.solar-depot.lu\/de\/"},{"@type":"ListItem","position":2,"name":"Solar Depot wird offizieller Sigenergy-H\u00e4ndler in Luxemburg"}]},{"@type":"WebSite","@id":"https:\/\/www.solar-depot.lu\/de\/#website","url":"https:\/\/www.solar-depot.lu\/de\/","name":"SOLAR DEPOT","description":"Solar Depot, l&#039;\u00e9nergie solaire \u00e0 emporter chez vous !","publisher":{"@id":"https:\/\/www.solar-depot.lu\/de\/#organization"},"potentialAction":[{"@type":"SearchAction","target":{"@type":"EntryPoint","urlTemplate":"https:\/\/www.solar-depot.lu\/de\/?s={search_term_string}"},"query-input":{"@type":"PropertyValueSpecification","valueRequired":true,"valueName":"search_term_string"}}],"inLanguage":"de"},{"@type":"Organization","@id":"https:\/\/www.solar-depot.lu\/de\/#organization","name":"SOLAR DEPOT","url":"https:\/\/www.solar-depot.lu\/de\/","logo":{"@type":"ImageObject","inLanguage":"de","@id":"https:\/\/www.solar-depot.lu\/de\/#\/schema\/logo\/image\/","url":"https:\/\/www.solar-depot.lu\/wp-content\/uploads\/2023\/08\/ege-depot-sans-fond.png","contentUrl":"https:\/\/www.solar-depot.lu\/wp-content\/uploads\/2023\/08\/ege-depot-sans-fond.png","width":1696,"height":536,"caption":"SOLAR DEPOT"},"image":{"@id":"https:\/\/www.solar-depot.lu\/de\/#\/schema\/logo\/image\/"}}]}},"_links":{"self":[{"href":"https:\/\/www.solar-depot.lu\/de\/wp-json\/wp\/v2\/actualites\/8808","targetHints":{"allow":["GET"]}}],"collection":[{"href":"https:\/\/www.solar-depot.lu\/de\/wp-json\/wp\/v2\/actualites"}],"about":[{"href":"https:\/\/www.solar-depot.lu\/de\/wp-json\/wp\/v2\/types\/actualites"}],"wp:attachment":[{"href":"https:\/\/www.solar-depot.lu\/de\/wp-json\/wp\/v2\/media?parent=8808"}],"wp:term":[{"taxonomy":"categorie_actualites","embeddable":true,"href":"https:\/\/www.solar-depot.lu\/de\/wp-json\/wp\/v2\/categorie_actualites?post=8808"}],"curies":[{"name":"wp","href":"https:\/\/api.w.org\/{rel}","templated":true}]}}